{"id":813,"date":"2025-07-29T15:57:32","date_gmt":"2025-07-29T13:57:32","guid":{"rendered":"https:\/\/sjoangensvillaforening.se\/wordpress\/?p=813"},"modified":"2025-11-23T22:17:32","modified_gmt":"2025-11-23T20:17:32","slug":"valkomna-till-sjoangsdagen-2025","status":"publish","type":"post","link":"https:\/\/sjoangensvillaforening.se\/wordpress\/?p=813","title":{"rendered":"V\u00e4lkomna till Sj\u00f6\u00e4ngsdagen 2025"},"content":{"rendered":"\n<p class=\"has-text-align-center\"> <strong>S\u00f6ndag 7 september, kl 11.00-13.00<\/strong><\/p>\n\n\n\n<p class=\"has-text-align-center\"> <strong>Sj\u00f6\u00e4ngsparken \/ Sj\u00f6\u00e4ngsbadet<\/strong><\/p>\n\n\n\n<p>Villaf\u00f6reningen Vi i Sj\u00f6\u00e4ngen bjuder in till den \u00e5rliga Sj\u00f6\u00e4ngsdagen i Sj\u00f6\u00e4ngsparken den 7 september kl 11-13. Vi v\u00e4lkomnar Sj\u00f6\u00e4ngsbor och grannar i n\u00e4rliggande omr\u00e5den, man beh\u00f6ver inte vara medlem i  Villaf\u00f6reningen och alla aktiviteter \u00e4r gratis. Genom Sj\u00f6\u00e4ngsdagen hoppas vi att gemenskapen inom omr\u00e5det st\u00e4rks ytterligare samtidigt som vi har roligt tillsammans och njuter av v\u00e5r fina omgivning. <\/p>\n\n\n\n<p><strong>I \u00e5r samarbetar vi med flertal idrottsf\u00f6reningar i syfte att lyfta de olika m\u00f6jligheterna f\u00f6r r\u00f6relse i n\u00e4romr\u00e5det. <\/strong>Stort tack till alla f\u00f6reningar som \u00e4r med!<\/p>\n\n\n\n<p><strong>Varmt v\u00e4lkomna att delta i f\u00f6ljande aktiviteter<\/strong> (l\u00f6pande uppdateringar kommer):&nbsp;<\/p>\n\n\n\n<p>&#8211; <strong>Friidrott<\/strong> med <a rel=\"noreferrer noopener\" href=\"https:\/\/iflinden.web.sportadmin.se\/start\/?ID=149932\" target=\"_blank\"><strong>IF Linden<\/strong> <\/a><br>&#8211; <strong>Friidrott<\/strong> med <a rel=\"noreferrer noopener\" href=\"https:\/\/huddingeais.se\/\" target=\"_blank\"><strong>Huddinge AIS<\/strong>  <\/a><br>&#8211; <strong>Tr\u00e4ning<\/strong> med <a rel=\"noreferrer noopener\" href=\"https:\/\/www.facebook.com\/decathfit\" target=\"_blank\"><strong>Decathfit<\/strong><\/a><br>&#8211; <strong>Handboll<\/strong> med <strong><a href=\"https:\/\/www.laget.se\/skogas\" target=\"_blank\" rel=\"noreferrer noopener\">Skog\u00e5s Handbollsklubb<\/a><\/strong><br>&#8211; <strong>Lekstation<\/strong><br>&#8211; <strong>Sj\u00f6\u00e4ngsloppet<\/strong>: barn och ungdomslopp i tre str\u00e4ckor, med start kl 12:40<\/p>\n\n\n\n<p>             Knattelopp, ca 300 m (f\u00f6r de minsta barnen)&nbsp;<br>             Miniorlopp, ca 1 km&nbsp;<br>             Juniorlopp, ca 2 km&nbsp;  <\/p>\n\n\n\n<p>Styrelsen \u00e4r \u00e4ven i kontakt med ytterligare idrottsf\u00f6reningar och kommer att uppdatera aktivitetslistan i samband med vidare bekr\u00e4ftelser. <\/p>\n\n\n\n<p><em>Alla aktiviteter \u00e4r gratis. Alla barn som deltar i loppen f\u00e5r medalj.<\/em> <em>Vi \u00e4r tacksamma f\u00f6r hj\u00e4lp med loppen fr\u00e5n f\u00f6r\u00e4ldrar p\u00e5 plats.<\/em> <\/p>\n\n\n\n<p><strong><a rel=\"noreferrer noopener\" href=\"https:\/\/www.facebook.com\/groups\/361021263186\/user\/61578010020322\/?__cft__[0]=AZXedD2cSEaxIDiLbYdtwFiPflFqnPjjNFJdbpjUI6QwKcwPm5PMsb7t5Fjm1lgYrX5G2yzWqngElmx4za9w7e33fGwXLXYVKqcLhpDeHFrnNbnHvzxbtEMxi7xz5BkqQ4ZCdoJagWwhUuXK8qEPjajRQAqqhWT6z7F5voAVLjhVQMm60cBncepopK9Ck4Y5GE_e1LIaXMqenYNMeL1LVQml-Dv3bxf3iA1pbGopNUcXzw&amp;__tn__=-]C%2CP-R\" target=\"_blank\">Caf\u00e9 Sj\u00f6stigen<\/a> <\/strong>h\u00e5ller \u00f6ppet och serverar smarrigaste glassen.<\/p>\n\n\n\n<p><strong>Stort tack till alla som \u00e4r med och bidrar till Sj\u00f6\u00e4ngsdagen. Vi ser fram emot ett rolig dag med aktiviteter och gl\u00e4dje!<\/strong><\/p>\n\n\n\n<p><\/p>\n\n\n\n<p>Villaf\u00f6reningen samarbetar med lokala idrottsf\u00f6reningar i samband med Sj\u00f6\u00e4ngsdagen och hoppas att fler idrottsf\u00f6reningar har m\u00f6jlighet att vara med. Kontakta g\u00e4rna styrelsen p\u00e5 viisjoangen@gmail.com vid intresse.<\/p>\n\n\n\n<p><em>(Vid regn bokar vi om.<\/em>)<\/p>\n\n\n\n<figure class=\"wp-block-image size-full\"><a href=\"https:\/\/sjoangensvillaforening.se\/wordpress\/wp-content\/uploads\/2025\/08\/sjoangsdagen-2025.jpg\"><img loading=\"lazy\" width=\"631\" height=\"844\" src=\"https:\/\/sjoangensvillaforening.se\/wordpress\/wp-content\/uploads\/2025\/08\/sjoangsdagen-2025.jpg\" alt=\"\" class=\"wp-image-829\" srcset=\"https:\/\/sjoangensvillaforening.se\/wordpress\/wp-content\/uploads\/2025\/08\/sjoangsdagen-2025.jpg 631w, https:\/\/sjoangensvillaforening.se\/wordpress\/wp-content\/uploads\/2025\/08\/sjoangsdagen-2025-224x300.jpg 224w\" sizes=\"(max-width: 631px) 100vw, 631px\" \/><\/a><\/figure>\n","protected":false},"excerpt":{"rendered":"<p>S\u00f6ndag 7 september, kl 11.00-13.00 Sj\u00f6\u00e4ngsparken \/ Sj\u00f6\u00e4ngsbadet Villaf\u00f6reningen Vi i Sj\u00f6\u00e4ngen bjuder in till den \u00e5rliga Sj\u00f6\u00e4ngsdagen i Sj\u00f6\u00e4ngsparken den 7 september kl 11-13. Vi v\u00e4lkomnar Sj\u00f6\u00e4ngsbor och grannar i n\u00e4rliggande omr\u00e5den, man beh\u00f6ver inte vara medlem i Villaf\u00f6reningen &hellip; <a href=\"https:\/\/sjoangensvillaforening.se\/wordpress\/?p=813\">L\u00e4s mer <span class=\"meta-nav\">&rarr;<\/span><\/a><\/p>\n","protected":false},"author":1,"featured_media":0,"comment_status":"closed","ping_status":"closed","sticky":false,"template":"","format":"standard","meta":[],"categories":[4],"tags":[],"_links":{"self":[{"href":"https:\/\/sjoangensvillaforening.se\/wordpress\/index.php?rest_route=\/wp\/v2\/posts\/813"}],"collection":[{"href":"https:\/\/sjoangensvillaforening.se\/wordpress\/index.php?rest_route=\/wp\/v2\/posts"}],"about":[{"href":"https:\/\/sjoangensvillaforening.se\/wordpress\/index.php?rest_route=\/wp\/v2\/types\/post"}],"author":[{"embeddable":true,"href":"https:\/\/sjoangensvillaforening.se\/wordpress\/index.php?rest_route=\/wp\/v2\/users\/1"}],"replies":[{"embeddable":true,"href":"https:\/\/sjoangensvillaforening.se\/wordpress\/index.php?rest_route=%2Fwp%2Fv2%2Fcomments&post=813"}],"version-history":[{"count":6,"href":"https:\/\/sjoangensvillaforening.se\/wordpress\/index.php?rest_route=\/wp\/v2\/posts\/813\/revisions"}],"predecessor-version":[{"id":830,"href":"https:\/\/sjoangensvillaforening.se\/wordpress\/index.php?rest_route=\/wp\/v2\/posts\/813\/revisions\/830"}],"wp:attachment":[{"href":"https:\/\/sjoangensvillaforening.se\/wordpress\/index.php?rest_route=%2Fwp%2Fv2%2Fmedia&parent=813"}],"wp:term":[{"taxonomy":"category","embeddable":true,"href":"https:\/\/sjoangensvillaforening.se\/wordpress\/index.php?rest_route=%2Fwp%2Fv2%2Fcategories&post=813"},{"taxonomy":"post_tag","embeddable":true,"href":"https:\/\/sjoangensvillaforening.se\/wordpress\/index.php?rest_route=%2Fwp%2Fv2%2Ftags&post=813"}],"curies":[{"name":"wp","href":"https:\/\/api.w.org\/{rel}","templated":true}]}}